{"id":1528,"date":"2025-10-17T10:37:58","date_gmt":"2025-10-17T08:37:58","guid":{"rendered":"http:\/\/langlegal.be\/?p=1528"},"modified":"2025-10-17T10:38:01","modified_gmt":"2025-10-17T08:38:01","slug":"the-non-deductibility-of-tax-losses-in-the-event-of-a-tax-audit-a-mechanism-that-should-be-limited-to-the-calculation-of-the-tax-penalty-only","status":"publish","type":"post","link":"https:\/\/langlegal.be\/index.php\/en\/2025\/10\/17\/the-non-deductibility-of-tax-losses-in-the-event-of-a-tax-audit-a-mechanism-that-should-be-limited-to-the-calculation-of-the-tax-penalty-only\/","title":{"rendered":"The non-deductibility of tax losses in the event of a tax audit: a mechanism that should be limited to the calculation of the tax penalty only?"},"content":{"rendered":"\n<p><strong><span style=\"color: #800000;\">If one tax measure has provoked resistance ever since its introduction at the end of 2017, it is certainly the mechanism denying the deduction of tax losses (and other similar deductions) in the event of a tax audit where a tax penalty of 10% or more is applied (see Article 206\/3, \u00a71, al. 2, of the Income Tax Code 1992). Despite three judgments of the Constitutional Court upholding its validity[1] and a reform of the tax penalty regime (for a first-time breach) closely linked to it, perplexity remains, and four new preliminary questions for constitutional review are still pending[2]. Without undertaking a full analysis here, the inconsistencies that burden this mechanism \u2014which conflates the corporate tax itself and its sanction\u2014 seem as irreducible as the naturalness of the ensuing remedy: limiting the application of the non-deductibility of tax losses (and others) solely to the calculation of the tax penalties (see Article 444 of the Income Tax Code 1992), so that offenders can indeed be sanctioned without distorting the calculation of the corporate tax itself for some of them.<\/span><\/strong><\/p>\n<p><!--StartFragment --><\/p>\n<h4><span style=\"color: #800000;\">1. Reminder of the mechanism and its justifications<\/span><\/h4>\n<p><strong>1. Legal text:<\/strong> Article 206\/3, \u00a7 1, para. 2, of the Income Tax Code (\u201cITC 92\u201d), formerly Article 207, paras. 1 and 7, of the ITC 1992, in question, was introduced by the Law of 25 December 2017 reforming corporate tax (O.J., 29.12.2017), effective from tax year 2019, and provides that (hereinafter, the \u201cmechanism\u201d):<\/p>\n<blockquote>\n<p>is taxable, without \u201cany of the deductions determined in Articles 199 to 206, 536 and 543, or compensation with the loss of the taxable period may be operated except for deductible income in accordance with Article 205, \u00a7 2,\u201d the part of the result which is the subject of a correction of the return referred to in Article 346 or an ex officio assessment referred to in Article 351 for which surcharges of a percentage equal to or greater than 10% referred to in Article 444 are effectively applied, except in the latter case for deductible income in accordance with Article 205, \u00a7 2.<\/p>\n<\/blockquote>\n<p>On the basis of this provision, the non-deductible items in the event of adjustments are of course tax losses, but also the loss of the taxable period and other assimilated deductions[3] (hereinafter, the \u201ctargeted tax carryforwards\u201d).<\/p>\n<p><!--StartFragment --><\/p>\n<p><strong>2.<\/strong> For its part, Article 444 of the ITC 1992 currently provides, inter alia, that:<\/p>\n<blockquote>\n<p>\u201cIn the event of absence of a return, late filing thereof or in the case of an incomplete or inaccurate return, the taxes due on the portion of undeclared or late-declared income, determined before any imputation of withholding taxes, tax credits, foreign tax credits and advance payments, are increased by a surcharge determined according to the nature and seriousness of the offence, on a scale set by the King and ranging from 10% to 200% of the taxes due on the portion of undeclared or late-declared income. (para. 1)<br \/>[\u2026]<br \/>\u201cThe surcharge is waived for the first offence committed in good faith.\u201d (para. 3)[4] (emphasis added).<\/p>\n<\/blockquote>\n<p>According to this provision, surcharges are calculated on the taxes actually \u201cdue\u201d at the end of the audit, with the consequence that, if tax losses (and other carryforwards) are available, it often happens that not only no tax, but also no surcharges, are due on the adjustments.<\/p>\n<p><!--StartFragment --><\/p>\n<h4><span style=\"color: #800000;\">2. Examination of the motives in the first Constitutional Court rulings<\/span><\/h4>\n<p><strong>6. Principle of equality and non-discrimination in tax matters:<\/strong> According to the established formula, the principle of equality and non-discrimination (Arts. 10, 11 and 172 of the Constitution) requires that differentiated or identical treatment between categories of taxpayers \u201crests on an objective criterion and is reasonably justified,\u201d \u201ctaking into account the purpose and effects of the contested measure,\u201d so that there exists a \u201creasonable relationship of proportionality between the means employed and the aim pursued\u201d (no. 129\/2024, B.3; see e.g.: Const. Ct., 13 March 2025, no. 43\/2025, B.6.1; Const. Ct., 25 February 2021, no. 27\/2021, B.5.1; Const. Ct., 28 May 2020, no. 76\/2020, B.12).<\/p>\n<p><strong>7. Identical treatment with regard to the sanction objective of the mechanism:<\/strong> In its first rulings, the Constitutional Court examined the justifications of the mechanism and, in this respect, relied on the aforementioned excerpt from the preparatory works (see point 3), which it reproduced in full each time[5]; in this case, it is the second motive \u2014 ensuring proper compliance with filing obligations \u2014 and not the first budgetary motive, that the Court highlighted as the sole objective of the mechanism[6]. The Court explained, referring to both motives, that:<\/p>\n<blockquote>\n<p>\u201c[the measure] was justified by the desire to encourage companies to properly fulfil their tax filing obligations. [\u2026] Accepting the offset or deduction of losses in cases where it is justified for the tax administration to impose a sanction in the form of a surcharge[7] would amount to diminishing, or even neutralising, the effect of that sanction when the extent of the losses is such that they reduce or entirely absorb the taxable income.\u201d (no. 129\/2024, B.6.1 and B.6.2; no. 90\/2025, B.12 \u2013 emphasis added).<\/p>\n<\/blockquote>\n<p>And that:<\/p>\n<blockquote>\n<p>\u201cSuch a consequence would run counter to the objective of the sanction\u201d (no. 129\/2024, B.6.2; no. 90\/2025, B.12 \u2013 emphasis added) and, in the latest ruling, \u201ccould give rise to an unjustified equal treatment between taxpayers who have properly fulfilled their filing obligations and those who have not.\u201d (no. 90\/2025, B.12 \u2013 emphasis added).<\/p>\n<\/blockquote>\n<p>The Court concluded these reflections by adding that:<\/p>\n<blockquote>\n<p>\u201cIt could moreover lead to unjustifiable differences in treatment between taxpayers who failed to file their return on time and who may be subject to the sanction in question depending on whether or not they are able to deduct losses.\u201d (no. 129\/2024, B.7 \u2013 emphasis added; see also no. 90\/2025, B.12, which reproduces the same wording but for \u201ctaxpayers who filed their return incompletely or inaccurately\u201d).<\/p>\n<\/blockquote>\n<p><strong>8.<\/strong> In summary, the Court logically inferred that \u201cWith regard to the objective pursued, namely the effectiveness of the tax surcharge sanction, the categories of taxpayers compared by the first preliminary question [namely, among others, those depending on whether or not they have the targeted tax carryforwards] are not in essentially different situations\u201d (no. 129\/2024, B.7 \u2013 emphasis added; see also B.11.1 and no. 90\/2025, B.12).<\/p>\n<p><strong>9.<\/strong> One can only agree with these considerations: taxpayers who have not properly fulfilled their tax obligations (whether through failure to file, late filing, incomplete and\/or inaccurate filing) are indeed in identical situations (not \u201cessentially different\u201d) with regard to the objective of ensuring the effectiveness of the surcharge sanction and should therefore not be able to escape it solely on the grounds that they do (or do not) have the targeted tax carryforwards.<\/p>\n<p><strong>10.<\/strong> Hence the present question: since offenders of tax obligations are in the same situation with regard to the objective of ensuring the effectiveness of surcharge sanctions under the mechanism, how can it be justified \u2014 except for the application of those surcharges \u2014 that the sanction should (or could even) be harsher for taxpayers who have the targeted tax carryforwards?<\/p>\n<p><!--StartFragment --><\/p>\n<p>Perfect \u2014 let\u2019s keep going with the translation. Here\u2019s the next major block of your document in English, continuing seamlessly from where we left off:<\/p>\n<p><span style=\"color: #800000;\">3. Distinguishing between the sanction, the tax and the procedure<\/span><\/p>\n<p><strong>11. Distinct nature of tax and surcharge:<\/strong> By definition, in our tax system, tax is distinct from the sanction, and it is indeed the surcharge \u2013 and not the tax as such \u2013 nor the assessment procedure \u2013 that sanctions the tax infringements found (whether it be a failure to file, or a late, incomplete and\/or inaccurate filing of the return).<\/p>\n<p>Thus, the Constitutional Court contrasts tax \u2013 defined as \u201ca levy imposed by authority\u201d \u2013 with the surcharges of Article 444, mentioned above, which constitute a sanction \u201cin order to prevent and repress fraud resulting from the absence of a tax return or the incomplete or inaccurate nature of the return\u201d and which may entail for the administration \u201can additional risk of not recovering the correct tax\u201d and \u201cthe need to devote financial means and human resources to carry out the verifications necessary for this correct collection\u201d (Const. Ct., 17 November 2022, no. 149\/2022, B.2.1; Const. Ct., 23 January 2019, no. 7\/2019, B.5.1; see also no. 129\/2024, B.4.1).<\/p>\n<p>Similarly, according to established case law, the ex officio assessment procedure \u201cis not a tax sanction and does not allow the State to collect more than what is legally due\u201d (see notably the note under Cass., 24 September 1963, Pas., 1964, p. 88; Cass., 24 June 1969, Pas., p. 989)[9].<\/p>\n<p><strong>12. Criminal qualification of the mechanism:<\/strong> In its latest ruling (no. 90\/2025), the Court confirmed that the mechanism of Article 207, para. 7, in question, read in combination with Article 444, para. 2, of the ITC 92, is to be considered as a \u201cpenalty of a criminal nature\u201d (Art. 6, \u00a7 1, of the European Convention on Human Rights).<\/p>\n<p>After recalling the applicable principles (B.17.2 and B.17.3), the Court indeed found that:<\/p>\n<blockquote>\n<p>\u201cthe measure pursues above all a preventive and repressive objective\u201d and that its \u201cconsequences [\u2026] may seem heavy in certain cases, as evidenced by the underlying dispute\u201d (B.17.4), concluding that \u201cthe repressive character predominates in the limitation of deduction and in the tax surcharge,\u201d so that it is indeed a \u201cpenalty of a criminal nature\u201d (B.17.5) (emphasis added).<\/p>\n<\/blockquote>\n<p><strong>13.<\/strong> The alteration (aggravation) of the calculation of tax due by taxpayers who have the targeted tax carryforwards constitutes an additional sanction, which is far from trivial and comes on top of the surcharges.<\/p>\n<p><strong>14.<\/strong> More generally, this analysis is not without possible parallels with that on the secret commissions tax (see notably: Const. Ct., 6 April 2000, no. 44\/2000; Const. Ct., 6 June 2014, no. 88\/2014; Const. Ct., 2 December 2021, no. 176\/2021).<\/p>\n<p><strong>15. Impact of the mechanism for the calculation of surcharges (justified):<\/strong> With regard to its \u201cobjective of ensuring the effectiveness of surcharge sanctions\u201d (see points 7 and 8), it is manifestly necessary \u2013 but also sufficient \u2013 that the mechanism in question (i.e. the non-deduction of the targeted tax carryforwards in the event of an audit) be limited in its application to the calculation of the \u201csanction\u201d (i.e. surcharges) to the exclusion of \u201ctax\u201d as such.<\/p>\n<p><strong>16.<\/strong> To this end, and although this was not the approach taken, the mechanism could have been limited (provided) solely in Article 444 of the ITC 92 (reproduced at point 2); such an approach would not be new and has already been applied in that article to provide for the calculation of surcharges before deduction of various imputable credits (such as advance payments and certain withholdings), for the very purpose of preventing those credits from resulting in the absence of sanction for the infringement (Programme Law of 27 December 2012[10]; see also: Const. Ct., 23 January 2019, ruling no. 7\/2019, B.5 and B.9.3).<\/p>\n<p><strong>17.<\/strong> Like these credits, the applicable surcharge would thus be calculated on the (theoretical\/corrected) tax relating to undeclared (or late-declared) income before deduction of any of the targeted tax carryforwards, so that all offenders are indeed sanctioned in the same way whether or not they have carryforwards; for illustration:<\/p>\n<table>\n<thead>\n<tr>\n<th>\u00a0<\/th>\n<th style=\"text-align: center;\">Adjusted result<\/th>\n<th style=\"text-align: center;\">Tax loss carryforwards<\/th>\n<th style=\"text-align: center;\">Normal corporate tax (25%)<\/th>\n<th style=\"text-align: center;\">Surcharges (e.g. 10%)<\/th>\n<\/tr>\n<\/thead>\n<tbody>\n<tr>\n<td>A<\/td>\n<td style=\"text-align: center;\">100,000<\/td>\n<td style=\"text-align: center;\">0<\/td>\n<td style=\"text-align: center;\">25,000<\/td>\n<td style=\"text-align: center;\">2,500<\/td>\n<\/tr>\n<tr>\n<td>B<\/td>\n<td style=\"text-align: center;\">100,000<\/td>\n<td style=\"text-align: center;\">150,000<\/td>\n<td style=\"text-align: center;\">0<\/td>\n<td style=\"text-align: center;\">2,500<\/td>\n<\/tr>\n<\/tbody>\n<\/table>\n<p><strong>18. Application of the mechanism to tax:<\/strong> Conversely, since the mechanism allows the imposition of the dedicated surcharges, the objective of effectiveness is achieved \u2013 and therefore does not in itself justify \u2013 applying an additional sanction (i.e. the unfavourable recalculation of tax due) penalising only taxpayers with the targeted tax carryforwards (see point 15).<\/p>\n<p><strong>19.<\/strong> For equivalent infringements and surcharges, the choice to further extend (or not) the mechanism to tax as such involves an irreducible contradiction: this extension amounts to penalising more heavily taxpayers who have the targeted tax carryforwards (who have therefore not avoided current tax, or even future tax) than those who do not (and who have indeed avoided current tax).<\/p>\n<p><strong>20.<\/strong> As it stands, on the grounds of technical constraints (non-existent) relating to the calculation of surcharges on \u201ctax due,\u201d we have moved from one extreme (where taxpayers with carryforwards were not even sanctionable by surcharges) to another (where they are now penalised more heavily than others) (cf. also: Const. Ct., 23 January 2019, no. 7\/2019, B.9.3)[11].<\/p>\n<p><strong>21.<\/strong> Such an approach, in our view, breaks the equality of treatment that the Constitutional Court itself found should prevail between these different categories of taxpayers (points 7 and 8), and it is difficult to see what objectively and reasonably justifies this additional sanction.<\/p>\n<p><strong>22.<\/strong> These extremes inevitably lead to shocking situations, which courts ultimately remedy on a case-by-case basis, in particular on the basis of the principle of proportionality (see point 26).<\/p>\n<p><strong>23. Consideration in the first Constitutional Court rulings:<\/strong> So far, and given the questions referred to it, the Court\u2019s analysis of the impact on tax has been largely linked to that of surcharges[12], while ultimately validating the mechanism only in light of other safeguards available in the cases decided, such as (i) the possibility of waiving surcharges in the case of a first offence (no. 129\/2024, B.8, and no. 90\/2025, B.13.3) and (ii) the principles of good administration, equality, proportionality and others binding on the administration (no. 90\/2025, B.13 and B.18), but also \u2013 as regards the impact on tax \u2013 the fact that (iii) \u201closses can be carried forward and deducted in a subsequent tax year\u201d (no. 129\/2024, B.8) and that \u201cthe tax advantage linked to the deduction of losses is not lost\u201d (no. 129\/2024, B.8 \u2013 emphasis added).<\/p>\n<p><strong>24. Prospects:<\/strong> Beyond the fact that these safeguards risk showing their limits (the sanction being supposed to be \u201cautomatic\u201d), the objections raised above as to the discriminatory nature of the impact on tax remain open; at this stage, the Court does not seem to have had the last word and, in particular, as to the exact scope to be given to its qualifications concerning tax (point 23 (iii) above); the Court will soon have to revisit this aspect in the context of preliminary question 8470 (absence of distinction by the mechanism between liquidated and non-liquidated companies).<\/p>\n<p><!--StartFragment --><\/p>\n<p><span style=\"color: #800000;\">4. Disproportionate nature of the measure and relative prohibition of cumulative sanctions<\/span><\/p>\n<p><strong>25. Disproportionate nature of extending the measure to the tax:<\/strong> Beyond the issue of discriminatory impact of extending the measure to the tax (see previous section), and as already emphasized by the Constitutional Court in its initial rulings, the fact that the measure constitutes a sanction of a criminal nature (point 12) implies compliance with all associated guarantees, including the (relative) prohibition of cumulative sanctions[13], full jurisdictional review, and the principle of proportionality (notably: no. 129\/2024, B.8; no. 90\/2025, B.18)[14].<\/p>\n<p><strong>26. <\/strong>Based on these principles, courts generally consider themselves competent to verify whether the cumulative sanctions applied (including the implementation of the measure) are not objectively disproportionate in light of the situation at hand[15].<\/p>\n<p><strong>27. <\/strong>In this regard, it seems legitimate to argue that the harsher treatment of taxpayers with carryforward tax deductions in the calculation of their tax constitutes an objective element demonstrating the disproportionate nature of the measure at this level.<\/p>\n<p><span style=\"color: #800000;\">5. Specificity of late filing<\/span>\u00a0<\/p>\n<p><strong>28. Late filing \u2013 positions in the initial rulings:<\/strong> On this scenario, the Constitutional Court notes that: \u201cIn light of the objective pursued, namely the effectiveness of the tax surcharge sanction, the categories of taxpayers compared by the first preliminary question [those who filed their return late] are not in essentially different situations\u201d (no. 129\/2024, B.7).<\/p>\n<p>The Court notes, among other things, that it makes no difference whether \u201cthe taxpayer filed their return before being notified of the automatic assessment\u201d or \u201cthe administration used the data that was submitted late by the taxpayer themselves, without modifying them\u201d (no. 129\/2024, B.7).<\/p>\n<p><strong>29.<\/strong> Even if any delay must be effectively sanctioned, this does not mean \u2013 and this is not what the Court says \u2013 that all late filers are in the same degree of severity (e.g.: spontaneous regularization, more or less shortly after the audit, etc.); also, as recalled above (point 23), the Court only concludes to the proportionality of the measure in these cases in light of the safeguards surrounding it, particularly the possibility of waiving the surcharge (no. 129\/2024, 8.).<\/p>\n<p><strong>30. Late filing \u2013 discretionary power or not:<\/strong> This assimilation of late filing to non-filing finds its roots in the assessment procedure (filing and establishment of the tax) and, in particular, in the express terms of Article 351 of the CIR 92 (and its predecessors[16]), from which it follows that \u201cthe delay in filing the return renders it irregular and is equivalent, in terms of effects, to the absence of a return\u201d (Const. Ct., 23 January 2019, no. 7\/2019, B.3.1, and the case law cited therein).<\/p>\n<p><strong>31.<\/strong> At the procedural level, however, a notable difference remains: in the case of a late return, if the administration merely uses the data submitted late, and even if this is not the recommended practice (Com.IR. no. 351\/2) nor the one followed (Parl. Q. of 29.04.2025, no. 56004685C, by Mr. H. Bayet), it must be noted that the administration then has the choice \u201cto assess the tax\u201d under the ordinary procedure \u201cwithout necessarily resorting to the automatic assessment procedure, which is a possibility and not an obligation for the administration\u201d (Cass., 23 January 1992, Pas., 1992, I, 455; Cass., 26 May 1994, Pas., 1994, I, p. 517; Cass., 12 January 1948, Pas., 1948, I, p. 20); furthermore, without prejudice to the obligations to justify the surcharges, these do not require \u201cany notice of correction of the return\u201d or \u201cnotification prior to its assessment\u201d (cf. Cass., 7 February 2002, F.00.0001.N; Cass., 17 February 2000, F.96.0080.N).<\/p>\n<p>Such latitude does not exist if the return is missing, incomplete and\/or incorrect, in which case a notice of automatic assessment or correction is required.<\/p>\n<p><strong>32.<\/strong> Since this choice has an impact in terms of sanctions (notably on the application of surcharges and, now, of the measure), and no longer merely on the procedure (the reversal of the burden of proof), it would be appropriate to draw useful consequences from it (whether on the discretionary power of the administration, full jurisdictional review and\/or the criterion of proportionality).<\/p>\n<p><strong>33.<\/strong> We will not revisit here other controversies related to Article 444 of the CIR 92 (and its predecessors), notably before the case of late filing was expressly added to its text (following the laws of 30 June 2017, 27 June 2021 and 5 July 2022[17]), but which was interpreted as such by consistent case law until recently[18]; for the subject at hand, these debates at least remind us that there is no inherent parallelism between the scope of application of assessment procedures and that of applicable sanctions.<\/p>\n<p><strong><span style=\"color: #800000;\">6. Concluding remarks<\/span><\/strong><\/p>\n<p><strong>34. <\/strong>The purpose of the foregoing is clear: the non-deductibility of tax losses (and other carryforward deductions) in case of additional assessments following an audit (Art. 206\/3 of the CIR 92) should, in our view, be confined to the calculation of surcharges, and therefore limited to the dedicated provision (cf. Art. 444 of the CIR 92).<\/p>\n<p>Surcharges constitute the standard sanction regime, applicable to all offenders, and it is difficult to understand why taxpayers with carryforward deductions should \u2013 in addition to these surcharges \u2013 also be penalized by an (automatic and unfavorable) recalculation of their tax.<\/p>\n<p>Ultimately, history repeats itself endlessly, and what a surprise it was to read in the submissions of Advocate General Ganshof van der Meersh preceding the judgment of 23 May 1950 (cited above) the following:<\/p>\n<blockquote>\n<p><em>\u201cIt is, I said, an error to believe that the harm inflicted on the citizen because he failed in his legal obligation, that is to say the sanction, as you defined it in your judgment of 6 October 1937, lies in the automatic assessment.<\/em><\/p>\n<p><em>Now, what do we see happening in administrative practice?<\/em><\/p>\n<p><em>The administration, when it must \u2018triple\u2019 the portion of undeclared income, acts as if it feels remorse due to the severity of the legal system. Losing sight of both the nature of the tax surcharge as a penalty and its mandatory character, it merely increases this portion of the tax in proportions less than those provided by law, with a generosity that the law does not permit, and at the same time, and just as illegally, it disregards, in the automatic assessment operation, the rules that the law makes mandatory, as if it could \u2018compensate\u2019 here for the generosity it showed there.\u201d<\/em><\/p>\n<\/blockquote>\n<p><span style=\"color: initial;\"><strong>35. <\/strong>More generally, beyond the imbalance and inflexibility of the regime, one cannot help but question the wisdom of having created such interferences between the assessment procedure, the calculation of the tax, and the applicable sanctions, with the many questions that inevitably arise; in doing so, the measure under review also appears to have set a precedent.<\/span><\/p>\n<p><span style=\"color: initial;\"><strong>36. <\/strong>Like other tax measures, the measure in question will undoubtedly continue to fuel judicial debates and, with some optimism, future political discussions.<\/span><\/p>\n<p>\u00a0<\/p>\n<p>Eric-G\u00e9rald Lang \u2013 <a href=\"mailto:info@langlegal.be\">info@langlegal.be<\/a> \u2013 14 October 2025 \u2013 All rights reserved \u2013 Legal Filing: 14.10.2025.<\/p>\n<hr \/>\n<p><a href=\"#_ftnref1\" name=\"_ftn1\"><\/a><\/p>\n<p><!--StartFragment --><\/p>\n<p>[1] See: Const. Ct., 26 September 2024, no. 100\/2024; Const. Ct., 21 November 2024, no. 129\/2024; Const. Ct., 19 June 2025, no. 90\/2025, available on <a href=\"https:\/\/www.const-court.be\/\">www.const-court.be<\/a> (subsequent references to these decisions are made exclusively by their docket number).<\/p>\n<p>[2] Prejudicial questions no. 8442 (17.03.2025); no. 8470 (02.05.2025); no. 8475 (08.05.2025); and no. 8538 (26.09.2025) (opinions not yet published).<\/p>\n<p>[3] These include in particular: investment deductions, innovation income deduction, intra-group transfer deduction, notional interest deduction, excluding however the deduction for definitively taxed income (DTR).<\/p>\n<p>[4] Paragraph as recently replaced by the Program Law of 18.07.2025 (MB 29.07.2025) and commented in Circular 2025\/C\/49 of 28.07.2025; until then, and in the versions cited in the rulings below, this paragraph read as follows: \u201cIn the absence of bad faith, the minimum 10% surcharge may be waived.\u201d For initial commentary on the interpretation of this waiver (discretionary or mandatory) and the impact of its amendment, see notably: J. Van Dyck, \u201cNo surcharge for a first offense: a Pyrrhic victory?\u201d, Fisc., 2025, 1885, 1; J. Van Dyck, \u201cA \u2018set\u2019 of offenses and yet no tax surcharge\u201d, Fisc., 2025, 1893, 9; J. Van Dyck, \u201cFirst offense: from \u2018potential sanction\u2019 to \u2018warning\u2019\u201d, Fisc., 2025, 1869, 10).<\/p>\n<p>[5] See: no. 100\/2024, B.1.2; no. 129\/2024, B.1.4 and B.6.2; and no. 90\/2025, B.1.3.<\/p>\n<p>[6] Regarding the first motive, the Council of Ministers explained that it aimed to \u201cbroaden the tax base to offset the reduction [in the corporate tax rate] [\u2026] within the framework of a budget-neutral reform\u201d and \u201censure that tax audits resulting in adjustments [\u2026] lead to tax assessments\u201d (no. 90\/2025, point A.6.2); according to these explanations, this motive expresses a budgetary objective and not merely a \u201cmeans\u201d to achieve the repressive objective pursued by the second. The budgetary motive, however, is inherent to any tax and does not in itself justify differential treatment between comparable taxpayers (see e.g.: Cass., 13 May 2022, Case no. F.21.0102.F; Cass., 31 January 2020, Case no. F.18.0054.F; Cass., 28 February 2014, Case no. F.13.0112.F; available on <a href=\"https:\/\/www.juportal.be\/\">www.juportal.be<\/a>).<\/p>\n<p>[7] In its ruling no. 90\/2025, the Court is even more specific: \u201cin the form of a surcharge calculated on the tax due\u201d (point B.12).<\/p>\n<p>[8] This position essentially reiterates that of the Council of Ministers, which explained in particular that \u201cthis provision corrects the defect linked to the method of calculating the surcharge, which required, in order to be effective, that a tax be due\u201d and that \u201cif losses could reduce the taxable base of the year, the surcharge could not fully apply\u201d (no. 129\/2024, points A.2.1 and A.2.2).<\/p>\n<p>[9] On this subject, see notably: Cass., 23 and 30 May 1950, Pas., I, 669 and 688; F. St\u00e9venart Mee\u00fbs (Dir.), <em>Manuel de proc\u00e9dure fiscale<\/em>, Anthemis, 2025, pp. 482 et seq.<\/p>\n<p>[10] MB, 31.12.2012.<\/p>\n<p>[11] Such an additional sanction ultimately amounts to assuming that the surcharge sanction is insufficient in itself and that ordinary tax constitutes a sanction for offenders who do not have carryforward deductions (see also point 11); moreover, the real impact of this additional sanction (deferral over the medium or long term and\/or definitive loss of the tax advantages concerned) for the offender bears no relation to the infringement committed (but depends on their economic situation, e.g.: their sector, stage of development, financial health, economic climate, etc.).<\/p>\n<p>[12] The Court points out, for example, that the measure \u201ccertainly has an impact on the amount of tax ultimately due\u201d (no. 129\/2024, B.7) or again that \u201ca limitation of deduction and a tax surcharge constitute in some way the extension of the tax debt, since they are calculated on the basis of the latter\u201d (no. 90\/2025, B.17.6).<\/p>\n<p>[13] See in particular: Const. Ct., 17 November 2022, no. 149\/2022; Cass., 21 April 2022, F.20.0156.N; Const. Ct., 23 January 2019, no. 7\/2019, B.12.3 and 12.4 and Parl. Q. by Mr. Gilkinet, no. 20029, Ch., CRIV, 53 Com 837, p. 14; for an application, see e.g.: Trib. Br. W. (14th ch.), 2 June 2025, R.G. 23\/1797\/A, 35, which notes the choice between a fine and\/or surcharges.<\/p>\n<p>[14] See also: Const. Ct., 15 May 2008, no. 79\/2008, B.6.2; see also: Const. Ct., 6 June 2014, no. 88\/2014, B.8.1; Const. Ct., 17 November 2022, no. 149\/2022; Cass., 24 March 2023, F.21.0056.N; Cass., 23 September 2022, F.20.0112.N, juriportal.be; Cass., 21 September 2018, F.17.0141.N, juridat.be; Cass., 15 October 2010, F.09.0081.N\/1, juridat.be; for a study, see notably: F. Kuty, \u201cFull jurisdictional review of administrative sanctions\u201d, R.D.P.C., 2024\/6, pp. 619 et seq.<\/p>\n<p>[15] See e.g., recently: Ghent (5th ch.), 24 June 2025, R.G. 24\/AR\/339, 4.3, monkey.be (which confirmed the measure and the 20% surcharges); Ghent (5th ch.), 6 May 2025, R.G. 2023\/AR\/32, monkey.be (which confirmed the measure and ordered the reduction of surcharges from 200% to 40%); see also, same day: Ghent (5th ch.), 6 May 2025, R.G. 2023\/AR\/32, Fisc., 2025, 1895, 5, with note by S. Van Crombrugghe, who himself raised one of the new preliminary questions (see note 2); see also: Trib. Br. W. (14th ch.), 2 June 2025, R.G. 23\/1797\/A, monkey.be (which confirmed the measure but ordered the reduction of surcharges from 100% to 50%); Trib. East Flanders (6th ch.), 10 April 2025, R.G. 22\/2575\/A, monkey.be (which confirmed the measure and the 20% surcharge); Civ. Brabant W., 27 February 2024, R.G. 22\/811\/A, Cour. Fisc., 2024\/161, with note; Civ. Li\u00e8ge, 14 March 2023, R.G. 22\/484, Cour fisc., 2023\/255, with note by W. De Foor, reducing surcharges to 9.9% to exclude the measure; in the same sense: Civ. Ghent, 20 November 2023, monkey.be, reformed by Ghent, 24 June 2025, cited above; Civ. Ghent, 13 September 2022, Cour fisc., 2023\/11-15.<\/p>\n<p>[16] See, previously: Art. 56 of the coordinated laws on income taxes, later becoming Art. 259 of the CIR 1964.<\/p>\n<p>[17] Respectively: MB, 07.07.2017; MB, 30.06.2021; and MB, 15.07.2022.<\/p>\n<p><!--EndFragment -->[18] See: Cass., 3 December 2021, no. F.21.0059.F; Cass., 29 September 1961, Pas., I, 1962, p. 111; Cass., 17 October 1977, Pas., 1977, I, p. 199; Cass., 4 February 1969, Pas., 1969, I, p. 508; contra: Cass., 15 March 2018, F.17.0004.N; Cass., 25 September 2020, F.18.0137.N; on the history and the relationship between Articles 351 and 444 of the CIR 92, as well as the controversies in cases of late filing of the return, see in particular the interesting contribution of: E. Van Brustem, \u201cTax surcharges and late filing \u2013 Divergences in case law within the Court of Cassation and foreseeability of the (criminal) law\u201d, R.G.C.F., 2022\/6, pp. 396 et seq.<\/p>\n<p>\u00a0<\/p>\n<p>\u00a0<\/p>\n<p><!--EndFragment --><\/p>\n<p><!--EndFragment --><\/p>\n<p><!--EndFragment --><\/p>\n<p><!--EndFragment --><\/p>\n\n\n","protected":false},"excerpt":{"rendered":"<p>If one tax measure has provoked resistance ever since its introduction at the end of 2017, it is certainly the mechanism denying the deduction of tax losses (and other similar deductions) in the event of a tax audit where a tax penalty of 10% or more is applied (see Article 206\/3, \u00a71, al. 2, of [&hellip;]<\/p>\n","protected":false},"author":1,"featured_media":1526,"comment_status":"closed","ping_status":"closed","sticky":false,"template":"","format":"standard","meta":{"_acf_changed":false,"_jetpack_newsletter_access":"","_jetpack_dont_email_post_to_subs":false,"_jetpack_newsletter_tier_id":0,"_jetpack_memberships_contains_paywalled_content":false,"_jetpack_memberships_contains_paid_content":false,"footnotes":""},"categories":[10],"tags":[],"class_list":["post-1528","post","type-post","status-publish","format-standard","has-post-thumbnail","hentry","category-non-classe-en"],"acf":[],"rise-blocks_total_comments":0,"rise-blocks_categories":[{"term_id":10,"name":"Non class\u00e9","slug":"non-classe-en","term_group":0,"term_taxonomy_id":10,"taxonomy":"category","description":"","parent":0,"count":2,"filter":"raw","cat_ID":10,"category_count":2,"category_description":"","cat_name":"Non class\u00e9","category_nicename":"non-classe-en","category_parent":0}],"rise-blocks_excerpt":"If one tax measure has provoked resistance ever since its introduction at the end of 2017, it is certainly the mechanism denying the deduction of tax losses (and other similar deductions) in the event of a tax audit where a tax penalty of 10% or more is applied (see Article 206\/3, \u00a71, al. 2, of the Income Tax Code 1992)...","yoast_head":"<!-- This site is optimized with the Yoast SEO plugin v26.1.1 - https:\/\/yoast.com\/wordpress\/plugins\/seo\/ -->\n<title>The non-deductibility of tax losses in the event of a tax audit: a mechanism that should be limited to the calculation of the tax penalty only? | LANG LEGAL<\/title>\n<meta name=\"robots\" content=\"index, follow, max-snippet:-1, max-image-preview:large, max-video-preview:-1\" \/>\n<link rel=\"canonical\" href=\"https:\/\/langlegal.be\/index.php\/en\/2025\/10\/17\/the-non-deductibility-of-tax-losses-in-the-event-of-a-tax-audit-a-mechanism-that-should-be-limited-to-the-calculation-of-the-tax-penalty-only\/\" \/>\n<meta property=\"og:locale\" content=\"fr_FR\" \/>\n<meta property=\"og:type\" content=\"article\" \/>\n<meta property=\"og:title\" content=\"The non-deductibility of tax losses in the event of a tax audit: a mechanism that should be limited to the calculation of the tax penalty only? | LANG LEGAL\" \/>\n<meta property=\"og:description\" content=\"If one tax measure has provoked resistance ever since its introduction at the end of 2017, it is certainly the mechanism denying the deduction of tax losses (and other similar deductions) in the event of a tax audit where a tax penalty of 10% or more is applied (see Article 206\/3, \u00a71, al. 2, of [&hellip;]\" \/>\n<meta property=\"og:url\" content=\"https:\/\/langlegal.be\/index.php\/en\/2025\/10\/17\/the-non-deductibility-of-tax-losses-in-the-event-of-a-tax-audit-a-mechanism-that-should-be-limited-to-the-calculation-of-the-tax-penalty-only\/\" \/>\n<meta property=\"og:site_name\" content=\"LANG LEGAL\" \/>\n<meta property=\"article:published_time\" content=\"2025-10-17T08:37:58+00:00\" \/>\n<meta property=\"article:modified_time\" content=\"2025-10-17T08:38:01+00:00\" \/>\n<meta property=\"og:image\" content=\"https:\/\/i0.wp.com\/langlegal.be\/wp-content\/uploads\/2025\/10\/Dune-final.jpg?fit=371%2C140&ssl=1\" \/>\n\t<meta property=\"og:image:width\" content=\"371\" \/>\n\t<meta property=\"og:image:height\" content=\"140\" \/>\n\t<meta property=\"og:image:type\" content=\"image\/jpeg\" \/>\n<meta name=\"author\" content=\"Lang Legal\" \/>\n<meta name=\"twitter:card\" content=\"summary_large_image\" \/>\n<meta name=\"twitter:label1\" content=\"\u00c9crit par\" \/>\n\t<meta name=\"twitter:data1\" content=\"Lang Legal\" \/>\n\t<meta name=\"twitter:label2\" content=\"Dur\u00e9e de lecture estim\u00e9e\" \/>\n\t<meta name=\"twitter:data2\" content=\"21 minutes\" \/>\n<script type=\"application\/ld+json\" class=\"yoast-schema-graph\">{\"@context\":\"https:\/\/schema.org\",\"@graph\":[{\"@type\":\"WebPage\",\"@id\":\"https:\/\/langlegal.be\/index.php\/en\/2025\/10\/17\/the-non-deductibility-of-tax-losses-in-the-event-of-a-tax-audit-a-mechanism-that-should-be-limited-to-the-calculation-of-the-tax-penalty-only\/\",\"url\":\"https:\/\/langlegal.be\/index.php\/en\/2025\/10\/17\/the-non-deductibility-of-tax-losses-in-the-event-of-a-tax-audit-a-mechanism-that-should-be-limited-to-the-calculation-of-the-tax-penalty-only\/\",\"name\":\"The non-deductibility of tax losses in the event of a tax audit: a mechanism that should be limited to the calculation of the tax penalty only? | LANG LEGAL\",\"isPartOf\":{\"@id\":\"https:\/\/langlegal.be\/#website\"},\"primaryImageOfPage\":{\"@id\":\"https:\/\/langlegal.be\/index.php\/en\/2025\/10\/17\/the-non-deductibility-of-tax-losses-in-the-event-of-a-tax-audit-a-mechanism-that-should-be-limited-to-the-calculation-of-the-tax-penalty-only\/#primaryimage\"},\"image\":{\"@id\":\"https:\/\/langlegal.be\/index.php\/en\/2025\/10\/17\/the-non-deductibility-of-tax-losses-in-the-event-of-a-tax-audit-a-mechanism-that-should-be-limited-to-the-calculation-of-the-tax-penalty-only\/#primaryimage\"},\"thumbnailUrl\":\"https:\/\/i0.wp.com\/langlegal.be\/wp-content\/uploads\/2025\/10\/Dune-final.jpg?fit=371%2C140&ssl=1\",\"datePublished\":\"2025-10-17T08:37:58+00:00\",\"dateModified\":\"2025-10-17T08:38:01+00:00\",\"author\":{\"@id\":\"https:\/\/langlegal.be\/#\/schema\/person\/e4676ce737f28c044f40b7960b1a3516\"},\"breadcrumb\":{\"@id\":\"https:\/\/langlegal.be\/index.php\/en\/2025\/10\/17\/the-non-deductibility-of-tax-losses-in-the-event-of-a-tax-audit-a-mechanism-that-should-be-limited-to-the-calculation-of-the-tax-penalty-only\/#breadcrumb\"},\"inLanguage\":\"fr-FR\",\"potentialAction\":[{\"@type\":\"ReadAction\",\"target\":[\"https:\/\/langlegal.be\/index.php\/en\/2025\/10\/17\/the-non-deductibility-of-tax-losses-in-the-event-of-a-tax-audit-a-mechanism-that-should-be-limited-to-the-calculation-of-the-tax-penalty-only\/\"]}]},{\"@type\":\"ImageObject\",\"inLanguage\":\"fr-FR\",\"@id\":\"https:\/\/langlegal.be\/index.php\/en\/2025\/10\/17\/the-non-deductibility-of-tax-losses-in-the-event-of-a-tax-audit-a-mechanism-that-should-be-limited-to-the-calculation-of-the-tax-penalty-only\/#primaryimage\",\"url\":\"https:\/\/i0.wp.com\/langlegal.be\/wp-content\/uploads\/2025\/10\/Dune-final.jpg?fit=371%2C140&ssl=1\",\"contentUrl\":\"https:\/\/i0.wp.com\/langlegal.be\/wp-content\/uploads\/2025\/10\/Dune-final.jpg?fit=371%2C140&ssl=1\",\"width\":371,\"height\":140},{\"@type\":\"BreadcrumbList\",\"@id\":\"https:\/\/langlegal.be\/index.php\/en\/2025\/10\/17\/the-non-deductibility-of-tax-losses-in-the-event-of-a-tax-audit-a-mechanism-that-should-be-limited-to-the-calculation-of-the-tax-penalty-only\/#breadcrumb\",\"itemListElement\":[{\"@type\":\"ListItem\",\"position\":1,\"name\":\"Accueil\",\"item\":\"http:\/\/langlegal.be\/\"},{\"@type\":\"ListItem\",\"position\":2,\"name\":\"The non-deductibility of tax losses in the event of a tax audit: a mechanism that should be limited to the calculation of the tax penalty only?\"}]},{\"@type\":\"WebSite\",\"@id\":\"https:\/\/langlegal.be\/#website\",\"url\":\"https:\/\/langlegal.be\/\",\"name\":\"LANG LEGAL | Cabinet de droit fiscal\",\"description\":\"Cabinet de droit fiscal\",\"potentialAction\":[{\"@type\":\"SearchAction\",\"target\":{\"@type\":\"EntryPoint\",\"urlTemplate\":\"https:\/\/langlegal.be\/?s={search_term_string}\"},\"query-input\":{\"@type\":\"PropertyValueSpecification\",\"valueRequired\":true,\"valueName\":\"search_term_string\"}}],\"inLanguage\":\"fr-FR\"},{\"@type\":\"Person\",\"@id\":\"https:\/\/langlegal.be\/#\/schema\/person\/e4676ce737f28c044f40b7960b1a3516\",\"name\":\"Lang Legal\",\"image\":{\"@type\":\"ImageObject\",\"inLanguage\":\"fr-FR\",\"@id\":\"https:\/\/langlegal.be\/#\/schema\/person\/image\/\",\"url\":\"https:\/\/secure.gravatar.com\/avatar\/622ac5de9a674f6aa6b7f257dfb438450a9a132f90558fb3f9521f19ad8791d5?s=96&d=mm&r=g\",\"contentUrl\":\"https:\/\/secure.gravatar.com\/avatar\/622ac5de9a674f6aa6b7f257dfb438450a9a132f90558fb3f9521f19ad8791d5?s=96&d=mm&r=g\",\"caption\":\"Lang Legal\"},\"url\":\"https:\/\/langlegal.be\/index.php\/author\/admin5475\/\"}]}<\/script>\n<!-- \/ Yoast SEO plugin. -->","yoast_head_json":{"title":"The non-deductibility of tax losses in the event of a tax audit: a mechanism that should be limited to the calculation of the tax penalty only? | LANG LEGAL","robots":{"index":"index","follow":"follow","max-snippet":"max-snippet:-1","max-image-preview":"max-image-preview:large","max-video-preview":"max-video-preview:-1"},"canonical":"https:\/\/langlegal.be\/index.php\/en\/2025\/10\/17\/the-non-deductibility-of-tax-losses-in-the-event-of-a-tax-audit-a-mechanism-that-should-be-limited-to-the-calculation-of-the-tax-penalty-only\/","og_locale":"fr_FR","og_type":"article","og_title":"The non-deductibility of tax losses in the event of a tax audit: a mechanism that should be limited to the calculation of the tax penalty only? | LANG LEGAL","og_description":"If one tax measure has provoked resistance ever since its introduction at the end of 2017, it is certainly the mechanism denying the deduction of tax losses (and other similar deductions) in the event of a tax audit where a tax penalty of 10% or more is applied (see Article 206\/3, \u00a71, al. 2, of [&hellip;]","og_url":"https:\/\/langlegal.be\/index.php\/en\/2025\/10\/17\/the-non-deductibility-of-tax-losses-in-the-event-of-a-tax-audit-a-mechanism-that-should-be-limited-to-the-calculation-of-the-tax-penalty-only\/","og_site_name":"LANG LEGAL","article_published_time":"2025-10-17T08:37:58+00:00","article_modified_time":"2025-10-17T08:38:01+00:00","og_image":[{"width":371,"height":140,"url":"https:\/\/i0.wp.com\/langlegal.be\/wp-content\/uploads\/2025\/10\/Dune-final.jpg?fit=371%2C140&ssl=1","type":"image\/jpeg"}],"author":"Lang Legal","twitter_card":"summary_large_image","twitter_misc":{"\u00c9crit par":"Lang Legal","Dur\u00e9e de lecture estim\u00e9e":"21 minutes"},"schema":{"@context":"https:\/\/schema.org","@graph":[{"@type":"WebPage","@id":"https:\/\/langlegal.be\/index.php\/en\/2025\/10\/17\/the-non-deductibility-of-tax-losses-in-the-event-of-a-tax-audit-a-mechanism-that-should-be-limited-to-the-calculation-of-the-tax-penalty-only\/","url":"https:\/\/langlegal.be\/index.php\/en\/2025\/10\/17\/the-non-deductibility-of-tax-losses-in-the-event-of-a-tax-audit-a-mechanism-that-should-be-limited-to-the-calculation-of-the-tax-penalty-only\/","name":"The non-deductibility of tax losses in the event of a tax audit: a mechanism that should be limited to the calculation of the tax penalty only? | LANG LEGAL","isPartOf":{"@id":"https:\/\/langlegal.be\/#website"},"primaryImageOfPage":{"@id":"https:\/\/langlegal.be\/index.php\/en\/2025\/10\/17\/the-non-deductibility-of-tax-losses-in-the-event-of-a-tax-audit-a-mechanism-that-should-be-limited-to-the-calculation-of-the-tax-penalty-only\/#primaryimage"},"image":{"@id":"https:\/\/langlegal.be\/index.php\/en\/2025\/10\/17\/the-non-deductibility-of-tax-losses-in-the-event-of-a-tax-audit-a-mechanism-that-should-be-limited-to-the-calculation-of-the-tax-penalty-only\/#primaryimage"},"thumbnailUrl":"https:\/\/i0.wp.com\/langlegal.be\/wp-content\/uploads\/2025\/10\/Dune-final.jpg?fit=371%2C140&ssl=1","datePublished":"2025-10-17T08:37:58+00:00","dateModified":"2025-10-17T08:38:01+00:00","author":{"@id":"https:\/\/langlegal.be\/#\/schema\/person\/e4676ce737f28c044f40b7960b1a3516"},"breadcrumb":{"@id":"https:\/\/langlegal.be\/index.php\/en\/2025\/10\/17\/the-non-deductibility-of-tax-losses-in-the-event-of-a-tax-audit-a-mechanism-that-should-be-limited-to-the-calculation-of-the-tax-penalty-only\/#breadcrumb"},"inLanguage":"fr-FR","potentialAction":[{"@type":"ReadAction","target":["https:\/\/langlegal.be\/index.php\/en\/2025\/10\/17\/the-non-deductibility-of-tax-losses-in-the-event-of-a-tax-audit-a-mechanism-that-should-be-limited-to-the-calculation-of-the-tax-penalty-only\/"]}]},{"@type":"ImageObject","inLanguage":"fr-FR","@id":"https:\/\/langlegal.be\/index.php\/en\/2025\/10\/17\/the-non-deductibility-of-tax-losses-in-the-event-of-a-tax-audit-a-mechanism-that-should-be-limited-to-the-calculation-of-the-tax-penalty-only\/#primaryimage","url":"https:\/\/i0.wp.com\/langlegal.be\/wp-content\/uploads\/2025\/10\/Dune-final.jpg?fit=371%2C140&ssl=1","contentUrl":"https:\/\/i0.wp.com\/langlegal.be\/wp-content\/uploads\/2025\/10\/Dune-final.jpg?fit=371%2C140&ssl=1","width":371,"height":140},{"@type":"BreadcrumbList","@id":"https:\/\/langlegal.be\/index.php\/en\/2025\/10\/17\/the-non-deductibility-of-tax-losses-in-the-event-of-a-tax-audit-a-mechanism-that-should-be-limited-to-the-calculation-of-the-tax-penalty-only\/#breadcrumb","itemListElement":[{"@type":"ListItem","position":1,"name":"Accueil","item":"http:\/\/langlegal.be\/"},{"@type":"ListItem","position":2,"name":"The non-deductibility of tax losses in the event of a tax audit: a mechanism that should be limited to the calculation of the tax penalty only?"}]},{"@type":"WebSite","@id":"https:\/\/langlegal.be\/#website","url":"https:\/\/langlegal.be\/","name":"LANG LEGAL | Cabinet de droit fiscal","description":"Cabinet de droit fiscal","potentialAction":[{"@type":"SearchAction","target":{"@type":"EntryPoint","urlTemplate":"https:\/\/langlegal.be\/?s={search_term_string}"},"query-input":{"@type":"PropertyValueSpecification","valueRequired":true,"valueName":"search_term_string"}}],"inLanguage":"fr-FR"},{"@type":"Person","@id":"https:\/\/langlegal.be\/#\/schema\/person\/e4676ce737f28c044f40b7960b1a3516","name":"Lang Legal","image":{"@type":"ImageObject","inLanguage":"fr-FR","@id":"https:\/\/langlegal.be\/#\/schema\/person\/image\/","url":"https:\/\/secure.gravatar.com\/avatar\/622ac5de9a674f6aa6b7f257dfb438450a9a132f90558fb3f9521f19ad8791d5?s=96&d=mm&r=g","contentUrl":"https:\/\/secure.gravatar.com\/avatar\/622ac5de9a674f6aa6b7f257dfb438450a9a132f90558fb3f9521f19ad8791d5?s=96&d=mm&r=g","caption":"Lang Legal"},"url":"https:\/\/langlegal.be\/index.php\/author\/admin5475\/"}]}},"jetpack_featured_media_url":"https:\/\/i0.wp.com\/langlegal.be\/wp-content\/uploads\/2025\/10\/Dune-final.jpg?fit=371%2C140&ssl=1","jetpack_sharing_enabled":true,"jetpack_shortlink":"https:\/\/wp.me\/p8S14n-oE","jetpack-related-posts":[{"id":1338,"url":"https:\/\/langlegal.be\/index.php\/en\/2022\/11\/24\/the-real-estate-tax-exemption-for-unproductiveness-in-the-brussels-region-throwback-on-its-slow-dismantling-comparison-with-the-other-regions-and-perspectives\/","url_meta":{"origin":1528,"position":0},"title":"The real estate tax exemption for unproductiveness in the Brussels region: throwback on its slow dismantling, comparison with the other regions, and perspectives","author":"Lang Legal","date":"24 novembre 2022","format":false,"excerpt":"For the full contribution, follow this link: As one knows, the Brussels Region has through its famous Decree of 23 July 1992 (as modified by the same of 13 April 1995) critically narrowed the opportunities to obtain a waiver of the real estate tax by way of extremelly restrictive and\u2026","rel":"","context":"Dans &quot;Non class\u00e9&quot;","block_context":{"text":"Non class\u00e9","link":"https:\/\/langlegal.be\/index.php\/en\/category\/non-classe-en\/"},"img":{"alt_text":"","src":"https:\/\/i0.wp.com\/langlegal.be\/wp-content\/uploads\/2022\/11\/Avocat-fiscaliste-Bruxelles-precompte-immobilier-revenu-cadastral-exoneration-improductivite.jpg?fit=1200%2C453&ssl=1&resize=350%2C200","width":350,"height":200,"srcset":"https:\/\/i0.wp.com\/langlegal.be\/wp-content\/uploads\/2022\/11\/Avocat-fiscaliste-Bruxelles-precompte-immobilier-revenu-cadastral-exoneration-improductivite.jpg?fit=1200%2C453&ssl=1&resize=350%2C200 1x, https:\/\/i0.wp.com\/langlegal.be\/wp-content\/uploads\/2022\/11\/Avocat-fiscaliste-Bruxelles-precompte-immobilier-revenu-cadastral-exoneration-improductivite.jpg?fit=1200%2C453&ssl=1&resize=525%2C300 1.5x, https:\/\/i0.wp.com\/langlegal.be\/wp-content\/uploads\/2022\/11\/Avocat-fiscaliste-Bruxelles-precompte-immobilier-revenu-cadastral-exoneration-improductivite.jpg?fit=1200%2C453&ssl=1&resize=700%2C400 2x, https:\/\/i0.wp.com\/langlegal.be\/wp-content\/uploads\/2022\/11\/Avocat-fiscaliste-Bruxelles-precompte-immobilier-revenu-cadastral-exoneration-improductivite.jpg?fit=1200%2C453&ssl=1&resize=1050%2C600 3x"},"classes":[]},{"id":1112,"url":"https:\/\/langlegal.be\/index.php\/en\/2018\/12\/20\/real-estate-development-based-on-a-long-leasehold-and-marketing-costs-what-about-the-vat\/","url_meta":{"origin":1528,"position":1},"title":"Real estate development based on a long leasehold and marketing costs: what about the VAT?","author":"Lang Legal","date":"20 d\u00e9cembre 2018","format":false,"excerpt":"When it comes to real estate development, it happens frequently that the developer erects the constructions based on a mere long leasehold with deferral of the ownership transfer. As a consequence, prospective buyers are being offered to contract with two distinct sellers: the developer with respect to the constructions (either\u2026","rel":"","context":"Dans &quot;VAT&quot;","block_context":{"text":"VAT","link":"https:\/\/langlegal.be\/index.php\/en\/category\/vat\/"},"img":{"alt_text":"","src":"https:\/\/i0.wp.com\/langlegal.be\/wp-content\/uploads\/2018\/12\/for-sale-picture-e1545293394964.jpeg?fit=900%2C365&ssl=1&resize=350%2C200","width":350,"height":200,"srcset":"https:\/\/i0.wp.com\/langlegal.be\/wp-content\/uploads\/2018\/12\/for-sale-picture-e1545293394964.jpeg?fit=900%2C365&ssl=1&resize=350%2C200 1x, https:\/\/i0.wp.com\/langlegal.be\/wp-content\/uploads\/2018\/12\/for-sale-picture-e1545293394964.jpeg?fit=900%2C365&ssl=1&resize=525%2C300 1.5x, https:\/\/i0.wp.com\/langlegal.be\/wp-content\/uploads\/2018\/12\/for-sale-picture-e1545293394964.jpeg?fit=900%2C365&ssl=1&resize=700%2C400 2x"},"classes":[]},{"id":967,"url":"https:\/\/langlegal.be\/index.php\/en\/2018\/08\/01\/vat-shall-a-lease-agreement-with-call-option-be-qualified-as-a-supply-of-good-or-service\/","url_meta":{"origin":1528,"position":2},"title":"VAT: shall a lease agreement with call option be qualified as a supply of good or service?","author":"Lang Legal","date":"1 ao\u00fbt 2018","format":false,"excerpt":"The European Court of Justice has delivered, on the 4th October 2017, important clarifications regarding the characterisation as a \"supply of service\" or \"supply of good\" under the VAT legislation of a lease contract with a call option*. Relevant issue, if any, as the lease is subject to tax, in\u2026","rel":"","context":"Dans &quot;VAT&quot;","block_context":{"text":"VAT","link":"https:\/\/langlegal.be\/index.php\/en\/category\/vat\/"},"img":{"alt_text":"","src":"https:\/\/i0.wp.com\/langlegal.be\/wp-content\/uploads\/2018\/07\/Eric-G%C3%A9rald-Lang-avocat-lawyer-droit-fiscal-tax-law-gratuit-free-tva-e1532865767129.jpg?fit=700%2C341&ssl=1&resize=350%2C200","width":350,"height":200,"srcset":"https:\/\/i0.wp.com\/langlegal.be\/wp-content\/uploads\/2018\/07\/Eric-G%C3%A9rald-Lang-avocat-lawyer-droit-fiscal-tax-law-gratuit-free-tva-e1532865767129.jpg?fit=700%2C341&ssl=1&resize=350%2C200 1x, https:\/\/i0.wp.com\/langlegal.be\/wp-content\/uploads\/2018\/07\/Eric-G%C3%A9rald-Lang-avocat-lawyer-droit-fiscal-tax-law-gratuit-free-tva-e1532865767129.jpg?fit=700%2C341&ssl=1&resize=525%2C300 1.5x, https:\/\/i0.wp.com\/langlegal.be\/wp-content\/uploads\/2018\/07\/Eric-G%C3%A9rald-Lang-avocat-lawyer-droit-fiscal-tax-law-gratuit-free-tva-e1532865767129.jpg?fit=700%2C341&ssl=1&resize=700%2C400 2x"},"classes":[]},{"id":700,"url":"https:\/\/langlegal.be\/index.php\/en\/2017\/10\/02\/florilege-de-questions-autour-de-loption-lapplication-de-tva-locations-immobilieres-professionnelles-2\/","url_meta":{"origin":1528,"position":3},"title":"Array of discussions regarding the new option for the application of the VAT to immovable leases for businesses","author":"Lang Legal","date":"2 octobre 2017","format":false,"excerpt":"For the full version, click\u00a0here\u00a0\/ Belgium was still lagged behind other Member States while not allowing taxpayers to opt for the application of the VAT to immovable leases granted to tenants able to recover it. This should become a thing of the past as from 1st January 2018. On top\u2026","rel":"","context":"Dans &quot;VAT&quot;","block_context":{"text":"VAT","link":"https:\/\/langlegal.be\/index.php\/en\/category\/vat\/"},"img":{"alt_text":"","src":"https:\/\/i0.wp.com\/langlegal.be\/wp-content\/uploads\/2017\/10\/TVA-baux-immeuble-professionnel-option.jpeg?fit=744%2C400&ssl=1&resize=350%2C200","width":350,"height":200,"srcset":"https:\/\/i0.wp.com\/langlegal.be\/wp-content\/uploads\/2017\/10\/TVA-baux-immeuble-professionnel-option.jpeg?fit=744%2C400&ssl=1&resize=350%2C200 1x, https:\/\/i0.wp.com\/langlegal.be\/wp-content\/uploads\/2017\/10\/TVA-baux-immeuble-professionnel-option.jpeg?fit=744%2C400&ssl=1&resize=525%2C300 1.5x, https:\/\/i0.wp.com\/langlegal.be\/wp-content\/uploads\/2017\/10\/TVA-baux-immeuble-professionnel-option.jpeg?fit=744%2C400&ssl=1&resize=700%2C400 2x"},"classes":[]},{"id":871,"url":"https:\/\/langlegal.be\/index.php\/en\/2018\/04\/19\/871\/","url_meta":{"origin":1528,"position":4},"title":"The valuation of usufruts: which standard to use?","author":"Lang Legal","date":"19 avril 2018","format":false,"excerpt":"\u00a0 An accurate valuation of the usufructs is a precondition to a successful operation, mainly to avoid the risk of taxation of a deemed remuneration in kind in the head of the director and\/or the disallowance of the related costs incurred at the level of the company. But, as we\u2026","rel":"","context":"Dans &quot;PIT&quot;","block_context":{"text":"PIT","link":"https:\/\/langlegal.be\/index.php\/en\/category\/pit\/"},"img":{"alt_text":"","src":"https:\/\/i0.wp.com\/langlegal.be\/wp-content\/uploads\/2018\/04\/Avocat-fiscaliste-Bruxelles-usufruit-valorisation-ATN.jpg?fit=1200%2C455&ssl=1&resize=350%2C200","width":350,"height":200,"srcset":"https:\/\/i0.wp.com\/langlegal.be\/wp-content\/uploads\/2018\/04\/Avocat-fiscaliste-Bruxelles-usufruit-valorisation-ATN.jpg?fit=1200%2C455&ssl=1&resize=350%2C200 1x, https:\/\/i0.wp.com\/langlegal.be\/wp-content\/uploads\/2018\/04\/Avocat-fiscaliste-Bruxelles-usufruit-valorisation-ATN.jpg?fit=1200%2C455&ssl=1&resize=525%2C300 1.5x, https:\/\/i0.wp.com\/langlegal.be\/wp-content\/uploads\/2018\/04\/Avocat-fiscaliste-Bruxelles-usufruit-valorisation-ATN.jpg?fit=1200%2C455&ssl=1&resize=700%2C400 2x, https:\/\/i0.wp.com\/langlegal.be\/wp-content\/uploads\/2018\/04\/Avocat-fiscaliste-Bruxelles-usufruit-valorisation-ATN.jpg?fit=1200%2C455&ssl=1&resize=1050%2C600 3x"},"classes":[]},{"id":423,"url":"https:\/\/langlegal.be\/index.php\/en\/2017\/07\/14\/enlargement-of-the-belgian-tax-shelter-to-performing-arts\/","url_meta":{"origin":1528,"position":5},"title":"Enlargement of the Belgian tax shelter to performing arts","author":"Lang Legal","date":"14 juillet 2017","format":false,"excerpt":"2017\/03 \u2013 E.-G. Lang et B. Malvaux, Extension du Tax Shelter aux arts de la sc\u00e8ne, Point de Plume, Mars-Avril 2017","rel":"","context":"Dans &quot;Corporate tax&quot;","block_context":{"text":"Corporate tax","link":"https:\/\/langlegal.be\/index.php\/en\/category\/corporate-tax\/"},"img":{"alt_text":"Eric-G\u00e9rald Lang - avocat fiscaliste - tax lawyer - gratuit - free","src":"https:\/\/i0.wp.com\/langlegal.be\/wp-content\/uploads\/2017\/07\/Eric-G%C3%A9rald-Lang-avocat-fiscaliste-tax-lawyer-gratuit-free-1.jpeg?fit=640%2C425&ssl=1&resize=350%2C200","width":350,"height":200,"srcset":"https:\/\/i0.wp.com\/langlegal.be\/wp-content\/uploads\/2017\/07\/Eric-G%C3%A9rald-Lang-avocat-fiscaliste-tax-lawyer-gratuit-free-1.jpeg?fit=640%2C425&ssl=1&resize=350%2C200 1x, https:\/\/i0.wp.com\/langlegal.be\/wp-content\/uploads\/2017\/07\/Eric-G%C3%A9rald-Lang-avocat-fiscaliste-tax-lawyer-gratuit-free-1.jpeg?fit=640%2C425&ssl=1&resize=525%2C300 1.5x"},"classes":[]}],"_links":{"self":[{"href":"https:\/\/langlegal.be\/index.php\/wp-json\/wp\/v2\/posts\/1528","targetHints":{"allow":["GET"]}}],"collection":[{"href":"https:\/\/langlegal.be\/index.php\/wp-json\/wp\/v2\/posts"}],"about":[{"href":"https:\/\/langlegal.be\/index.php\/wp-json\/wp\/v2\/types\/post"}],"author":[{"embeddable":true,"href":"https:\/\/langlegal.be\/index.php\/wp-json\/wp\/v2\/users\/1"}],"replies":[{"embeddable":true,"href":"https:\/\/langlegal.be\/index.php\/wp-json\/wp\/v2\/comments?post=1528"}],"version-history":[{"count":4,"href":"https:\/\/langlegal.be\/index.php\/wp-json\/wp\/v2\/posts\/1528\/revisions"}],"predecessor-version":[{"id":1558,"href":"https:\/\/langlegal.be\/index.php\/wp-json\/wp\/v2\/posts\/1528\/revisions\/1558"}],"wp:featuredmedia":[{"embeddable":true,"href":"https:\/\/langlegal.be\/index.php\/wp-json\/wp\/v2\/media\/1526"}],"wp:attachment":[{"href":"https:\/\/langlegal.be\/index.php\/wp-json\/wp\/v2\/media?parent=1528"}],"wp:term":[{"taxonomy":"category","embeddable":true,"href":"https:\/\/langlegal.be\/index.php\/wp-json\/wp\/v2\/categories?post=1528"},{"taxonomy":"post_tag","embeddable":true,"href":"https:\/\/langlegal.be\/index.php\/wp-json\/wp\/v2\/tags?post=1528"}],"curies":[{"name":"wp","href":"https:\/\/api.w.org\/{rel}","templated":true}]}}