{"id":384,"date":"2017-07-14T08:25:35","date_gmt":"2017-07-14T06:25:35","guid":{"rendered":"http:\/\/langlegal.be\/?p=384"},"modified":"2017-08-20T09:42:36","modified_gmt":"2017-08-20T07:42:36","slug":"tax-shelter-arts-de-scene","status":"publish","type":"post","link":"https:\/\/langlegal.be\/index.php\/2017\/07\/14\/tax-shelter-arts-de-scene\/","title":{"rendered":"Elargissement du Tax Shelter aux arts de la sc\u00e8ne"},"content":{"rendered":"<a href=\"http:\/\/langlegal.be\/wp-content\/uploads\/2017\/07\/Point-Plume-tax-shelter-de-la-sc\u00e8ne-tax-shelter-for-podium.pdf\">2017\/03 \u2013 E.-G. Lang et B. Malvaux, Extension du Tax Shelter aux arts de la sc\u00e8ne, Point de Plume, Mars-Avril 2017<\/a>","protected":false},"excerpt":{"rendered":"<p>2017\/03 \u2013 E.-G. Lang et B. Malvaux, Extension du Tax Shelter aux arts de la sc\u00e8ne, Point de Plume, Mars-Avril 2017<\/p>\n","protected":false},"author":1,"featured_media":442,"comment_status":"closed","ping_status":"open","sticky":false,"template":"","format":"standard","meta":{"_acf_changed":false,"_jetpack_newsletter_access":"","_jetpack_dont_email_post_to_subs":false,"_jetpack_newsletter_tier_id":0,"_jetpack_memberships_contains_paywalled_content":false,"_jetpack_memberships_contains_paid_content":false,"footnotes":""},"categories":[27],"tags":[],"class_list":["post-384","post","type-post","status-publish","format-standard","has-post-thumbnail","hentry","category-isoc"],"acf":[],"rise-blocks_total_comments":0,"rise-blocks_categories":[{"term_id":27,"name":"Imp\u00f4t des soci\u00e9t\u00e9s","slug":"isoc","term_group":0,"term_taxonomy_id":27,"taxonomy":"category","description":"","parent":0,"count":7,"filter":"raw","cat_ID":27,"category_count":7,"category_description":"","cat_name":"Imp\u00f4t des soci\u00e9t\u00e9s","category_nicename":"isoc","category_parent":0}],"rise-blocks_excerpt":"2017\/03 \u2013 E.-G. Lang et B. Malvaux, Extension du Tax Shelter aux arts de la sc\u00e8ne, Point de Plume, Mars-Avril 2017","yoast_head":"<!-- This site is optimized with the Yoast SEO plugin v26.1.1 - https:\/\/yoast.com\/wordpress\/plugins\/seo\/ -->\n<title>Elargissement du Tax Shelter aux arts de la sc\u00e8ne | LANG LEGAL<\/title>\n<meta name=\"robots\" content=\"index, follow, max-snippet:-1, max-image-preview:large, max-video-preview:-1\" \/>\n<link rel=\"canonical\" href=\"https:\/\/langlegal.be\/index.php\/2017\/07\/14\/tax-shelter-arts-de-scene\/\" \/>\n<meta property=\"og:locale\" content=\"fr_FR\" \/>\n<meta property=\"og:type\" content=\"article\" \/>\n<meta property=\"og:title\" content=\"Elargissement du Tax Shelter aux arts de la sc\u00e8ne | LANG LEGAL\" \/>\n<meta property=\"og:description\" content=\"2017\/03 \u2013 E.-G. Lang et B. Malvaux, Extension du Tax Shelter aux arts de la sc\u00e8ne, Point de Plume, Mars-Avril 2017\" \/>\n<meta property=\"og:url\" content=\"https:\/\/langlegal.be\/index.php\/2017\/07\/14\/tax-shelter-arts-de-scene\/\" \/>\n<meta property=\"og:site_name\" content=\"LANG LEGAL\" \/>\n<meta property=\"article:published_time\" content=\"2017-07-14T06:25:35+00:00\" \/>\n<meta property=\"article:modified_time\" content=\"2017-08-20T07:42:36+00:00\" \/>\n<meta property=\"og:image\" content=\"https:\/\/i0.wp.com\/langlegal.be\/wp-content\/uploads\/2017\/07\/Eric-G%C3%A9rald-Lang-avocat-fiscaliste-tax-lawyer-gratuit-free.jpeg?fit=640%2C425&ssl=1\" \/>\n\t<meta property=\"og:image:width\" content=\"640\" \/>\n\t<meta property=\"og:image:height\" content=\"425\" \/>\n\t<meta property=\"og:image:type\" content=\"image\/jpeg\" \/>\n<meta name=\"author\" content=\"Lang Legal\" \/>\n<meta name=\"twitter:card\" content=\"summary_large_image\" \/>\n<meta name=\"twitter:label1\" content=\"\u00c9crit par\" \/>\n\t<meta name=\"twitter:data1\" content=\"Lang Legal\" \/>\n<script type=\"application\/ld+json\" class=\"yoast-schema-graph\">{\"@context\":\"https:\/\/schema.org\",\"@graph\":[{\"@type\":\"WebPage\",\"@id\":\"https:\/\/langlegal.be\/index.php\/2017\/07\/14\/tax-shelter-arts-de-scene\/\",\"url\":\"https:\/\/langlegal.be\/index.php\/2017\/07\/14\/tax-shelter-arts-de-scene\/\",\"name\":\"Elargissement du Tax Shelter aux arts de la sc\u00e8ne | LANG LEGAL\",\"isPartOf\":{\"@id\":\"https:\/\/langlegal.be\/#website\"},\"primaryImageOfPage\":{\"@id\":\"https:\/\/langlegal.be\/index.php\/2017\/07\/14\/tax-shelter-arts-de-scene\/#primaryimage\"},\"image\":{\"@id\":\"https:\/\/langlegal.be\/index.php\/2017\/07\/14\/tax-shelter-arts-de-scene\/#primaryimage\"},\"thumbnailUrl\":\"https:\/\/i0.wp.com\/langlegal.be\/wp-content\/uploads\/2017\/07\/Eric-G%C3%A9rald-Lang-avocat-fiscaliste-tax-lawyer-gratuit-free.jpeg?fit=640%2C425&ssl=1\",\"datePublished\":\"2017-07-14T06:25:35+00:00\",\"dateModified\":\"2017-08-20T07:42:36+00:00\",\"author\":{\"@id\":\"https:\/\/langlegal.be\/#\/schema\/person\/e4676ce737f28c044f40b7960b1a3516\"},\"breadcrumb\":{\"@id\":\"https:\/\/langlegal.be\/index.php\/2017\/07\/14\/tax-shelter-arts-de-scene\/#breadcrumb\"},\"inLanguage\":\"fr-FR\",\"potentialAction\":[{\"@type\":\"ReadAction\",\"target\":[\"https:\/\/langlegal.be\/index.php\/2017\/07\/14\/tax-shelter-arts-de-scene\/\"]}]},{\"@type\":\"ImageObject\",\"inLanguage\":\"fr-FR\",\"@id\":\"https:\/\/langlegal.be\/index.php\/2017\/07\/14\/tax-shelter-arts-de-scene\/#primaryimage\",\"url\":\"https:\/\/i0.wp.com\/langlegal.be\/wp-content\/uploads\/2017\/07\/Eric-G%C3%A9rald-Lang-avocat-fiscaliste-tax-lawyer-gratuit-free.jpeg?fit=640%2C425&ssl=1\",\"contentUrl\":\"https:\/\/i0.wp.com\/langlegal.be\/wp-content\/uploads\/2017\/07\/Eric-G%C3%A9rald-Lang-avocat-fiscaliste-tax-lawyer-gratuit-free.jpeg?fit=640%2C425&ssl=1\",\"width\":640,\"height\":425,\"caption\":\"Eric-G\u00e9rald Lang - avocat fiscaliste - tax lawyer - gratuit - free\"},{\"@type\":\"BreadcrumbList\",\"@id\":\"https:\/\/langlegal.be\/index.php\/2017\/07\/14\/tax-shelter-arts-de-scene\/#breadcrumb\",\"itemListElement\":[{\"@type\":\"ListItem\",\"position\":1,\"name\":\"Accueil\",\"item\":\"http:\/\/langlegal.be\/\"},{\"@type\":\"ListItem\",\"position\":2,\"name\":\"Elargissement du Tax Shelter aux arts de la sc\u00e8ne\"}]},{\"@type\":\"WebSite\",\"@id\":\"https:\/\/langlegal.be\/#website\",\"url\":\"https:\/\/langlegal.be\/\",\"name\":\"LANG LEGAL | Cabinet de droit fiscal\",\"description\":\"Cabinet de droit fiscal\",\"potentialAction\":[{\"@type\":\"SearchAction\",\"target\":{\"@type\":\"EntryPoint\",\"urlTemplate\":\"https:\/\/langlegal.be\/?s={search_term_string}\"},\"query-input\":{\"@type\":\"PropertyValueSpecification\",\"valueRequired\":true,\"valueName\":\"search_term_string\"}}],\"inLanguage\":\"fr-FR\"},{\"@type\":\"Person\",\"@id\":\"https:\/\/langlegal.be\/#\/schema\/person\/e4676ce737f28c044f40b7960b1a3516\",\"name\":\"Lang Legal\",\"image\":{\"@type\":\"ImageObject\",\"inLanguage\":\"fr-FR\",\"@id\":\"https:\/\/langlegal.be\/#\/schema\/person\/image\/\",\"url\":\"https:\/\/secure.gravatar.com\/avatar\/622ac5de9a674f6aa6b7f257dfb438450a9a132f90558fb3f9521f19ad8791d5?s=96&d=mm&r=g\",\"contentUrl\":\"https:\/\/secure.gravatar.com\/avatar\/622ac5de9a674f6aa6b7f257dfb438450a9a132f90558fb3f9521f19ad8791d5?s=96&d=mm&r=g\",\"caption\":\"Lang Legal\"},\"url\":\"https:\/\/langlegal.be\/index.php\/author\/admin5475\/\"}]}<\/script>\n<!-- \/ Yoast SEO plugin. -->","yoast_head_json":{"title":"Elargissement du Tax Shelter aux arts de la sc\u00e8ne | LANG LEGAL","robots":{"index":"index","follow":"follow","max-snippet":"max-snippet:-1","max-image-preview":"max-image-preview:large","max-video-preview":"max-video-preview:-1"},"canonical":"https:\/\/langlegal.be\/index.php\/2017\/07\/14\/tax-shelter-arts-de-scene\/","og_locale":"fr_FR","og_type":"article","og_title":"Elargissement du Tax Shelter aux arts de la sc\u00e8ne | LANG LEGAL","og_description":"2017\/03 \u2013 E.-G. Lang et B. Malvaux, Extension du Tax Shelter aux arts de la sc\u00e8ne, Point de Plume, Mars-Avril 2017","og_url":"https:\/\/langlegal.be\/index.php\/2017\/07\/14\/tax-shelter-arts-de-scene\/","og_site_name":"LANG LEGAL","article_published_time":"2017-07-14T06:25:35+00:00","article_modified_time":"2017-08-20T07:42:36+00:00","og_image":[{"width":640,"height":425,"url":"https:\/\/i0.wp.com\/langlegal.be\/wp-content\/uploads\/2017\/07\/Eric-G%C3%A9rald-Lang-avocat-fiscaliste-tax-lawyer-gratuit-free.jpeg?fit=640%2C425&ssl=1","type":"image\/jpeg"}],"author":"Lang Legal","twitter_card":"summary_large_image","twitter_misc":{"\u00c9crit par":"Lang Legal"},"schema":{"@context":"https:\/\/schema.org","@graph":[{"@type":"WebPage","@id":"https:\/\/langlegal.be\/index.php\/2017\/07\/14\/tax-shelter-arts-de-scene\/","url":"https:\/\/langlegal.be\/index.php\/2017\/07\/14\/tax-shelter-arts-de-scene\/","name":"Elargissement du Tax Shelter aux arts de la sc\u00e8ne | LANG LEGAL","isPartOf":{"@id":"https:\/\/langlegal.be\/#website"},"primaryImageOfPage":{"@id":"https:\/\/langlegal.be\/index.php\/2017\/07\/14\/tax-shelter-arts-de-scene\/#primaryimage"},"image":{"@id":"https:\/\/langlegal.be\/index.php\/2017\/07\/14\/tax-shelter-arts-de-scene\/#primaryimage"},"thumbnailUrl":"https:\/\/i0.wp.com\/langlegal.be\/wp-content\/uploads\/2017\/07\/Eric-G%C3%A9rald-Lang-avocat-fiscaliste-tax-lawyer-gratuit-free.jpeg?fit=640%2C425&ssl=1","datePublished":"2017-07-14T06:25:35+00:00","dateModified":"2017-08-20T07:42:36+00:00","author":{"@id":"https:\/\/langlegal.be\/#\/schema\/person\/e4676ce737f28c044f40b7960b1a3516"},"breadcrumb":{"@id":"https:\/\/langlegal.be\/index.php\/2017\/07\/14\/tax-shelter-arts-de-scene\/#breadcrumb"},"inLanguage":"fr-FR","potentialAction":[{"@type":"ReadAction","target":["https:\/\/langlegal.be\/index.php\/2017\/07\/14\/tax-shelter-arts-de-scene\/"]}]},{"@type":"ImageObject","inLanguage":"fr-FR","@id":"https:\/\/langlegal.be\/index.php\/2017\/07\/14\/tax-shelter-arts-de-scene\/#primaryimage","url":"https:\/\/i0.wp.com\/langlegal.be\/wp-content\/uploads\/2017\/07\/Eric-G%C3%A9rald-Lang-avocat-fiscaliste-tax-lawyer-gratuit-free.jpeg?fit=640%2C425&ssl=1","contentUrl":"https:\/\/i0.wp.com\/langlegal.be\/wp-content\/uploads\/2017\/07\/Eric-G%C3%A9rald-Lang-avocat-fiscaliste-tax-lawyer-gratuit-free.jpeg?fit=640%2C425&ssl=1","width":640,"height":425,"caption":"Eric-G\u00e9rald Lang - avocat fiscaliste - tax lawyer - gratuit - free"},{"@type":"BreadcrumbList","@id":"https:\/\/langlegal.be\/index.php\/2017\/07\/14\/tax-shelter-arts-de-scene\/#breadcrumb","itemListElement":[{"@type":"ListItem","position":1,"name":"Accueil","item":"http:\/\/langlegal.be\/"},{"@type":"ListItem","position":2,"name":"Elargissement du Tax Shelter aux arts de la sc\u00e8ne"}]},{"@type":"WebSite","@id":"https:\/\/langlegal.be\/#website","url":"https:\/\/langlegal.be\/","name":"LANG LEGAL | Cabinet de droit fiscal","description":"Cabinet de droit fiscal","potentialAction":[{"@type":"SearchAction","target":{"@type":"EntryPoint","urlTemplate":"https:\/\/langlegal.be\/?s={search_term_string}"},"query-input":{"@type":"PropertyValueSpecification","valueRequired":true,"valueName":"search_term_string"}}],"inLanguage":"fr-FR"},{"@type":"Person","@id":"https:\/\/langlegal.be\/#\/schema\/person\/e4676ce737f28c044f40b7960b1a3516","name":"Lang Legal","image":{"@type":"ImageObject","inLanguage":"fr-FR","@id":"https:\/\/langlegal.be\/#\/schema\/person\/image\/","url":"https:\/\/secure.gravatar.com\/avatar\/622ac5de9a674f6aa6b7f257dfb438450a9a132f90558fb3f9521f19ad8791d5?s=96&d=mm&r=g","contentUrl":"https:\/\/secure.gravatar.com\/avatar\/622ac5de9a674f6aa6b7f257dfb438450a9a132f90558fb3f9521f19ad8791d5?s=96&d=mm&r=g","caption":"Lang Legal"},"url":"https:\/\/langlegal.be\/index.php\/author\/admin5475\/"}]}},"jetpack_featured_media_url":"https:\/\/i0.wp.com\/langlegal.be\/wp-content\/uploads\/2017\/07\/Eric-G%C3%A9rald-Lang-avocat-fiscaliste-tax-lawyer-gratuit-free.jpeg?fit=640%2C425&ssl=1","jetpack_sharing_enabled":true,"jetpack_shortlink":"https:\/\/wp.me\/p8S14n-6c","jetpack-related-posts":[{"id":483,"url":"https:\/\/langlegal.be\/index.php\/2017\/07\/17\/determination-montant-dinvestissement-optimal-tax-shelter\/","url_meta":{"origin":384,"position":0},"title":"La d\u00e9termination du montant d&rsquo;investissement optimal en tax shelter","author":"Lang Legal","date":"17 juillet 2017","format":false,"excerpt":"2015\/03 \u2013 E.-G. Lang et B. Malvaux, La d\u00e9termination du montant d'investissement optimal en Tax Shelter 2.0, Revue Belge de la Comptabilit\u00e9, 2015\/3","rel":"","context":"Dans &quot;Imp\u00f4t des soci\u00e9t\u00e9s&quot;","block_context":{"text":"Imp\u00f4t des soci\u00e9t\u00e9s","link":"https:\/\/langlegal.be\/index.php\/category\/isoc\/"},"img":{"alt_text":"Tax shelter - Eric-G\u00e9rald Lang - avocat fiscaliste - tax lawyer - Bruxelles - Belgium","src":"https:\/\/i0.wp.com\/langlegal.be\/wp-content\/uploads\/2017\/07\/Tax-shelter-Eric-G%C3%A9rald-Lang-avocat-fiscaliste-tax-lawyer-Bruxelles-Belgium.jpeg?fit=640%2C377&ssl=1&resize=350%2C200","width":350,"height":200,"srcset":"https:\/\/i0.wp.com\/langlegal.be\/wp-content\/uploads\/2017\/07\/Tax-shelter-Eric-G%C3%A9rald-Lang-avocat-fiscaliste-tax-lawyer-Bruxelles-Belgium.jpeg?fit=640%2C377&ssl=1&resize=350%2C200 1x, https:\/\/i0.wp.com\/langlegal.be\/wp-content\/uploads\/2017\/07\/Tax-shelter-Eric-G%C3%A9rald-Lang-avocat-fiscaliste-tax-lawyer-Bruxelles-Belgium.jpeg?fit=640%2C377&ssl=1&resize=525%2C300 1.5x"},"classes":[]},{"id":911,"url":"https:\/\/langlegal.be\/index.php\/2018\/03\/22\/nouvelles-mesures-fiscales-impactent-restructurations\/","url_meta":{"origin":384,"position":1},"title":"Les nouvelles mesures fiscales impactent les restructurations","author":"Lang Legal","date":"22 mars 2018","format":false,"excerpt":"\u00a0 Le contexte fiscal entourant les\u00a0op\u00e9rations de (re-)structuration\u00a0des entreprises conna\u00eet\u00a0des changements importants.\u00a0Eric-G\u00e9rald Lang, avocat sp\u00e9cialis\u00e9\u00a0en droit fiscal et fondateur du cabinet\u00a0Lang Legal, nous en livre un aper\u00e7u. Quel est le contexte fiscal dans\u00a0lequel \u00e9voluent les (re-)structurations\u00a0d\u2019entreprises ? Eric-G\u00e9rald Lang : \u00ab La fiscalit\u00e9 des entreprises\u00a0se complexifie \u00e0 outrance. Elle s\u2019inscrit\u00a0dans\u2026","rel":"","context":"Dans &quot;Imp\u00f4t des soci\u00e9t\u00e9s&quot;","block_context":{"text":"Imp\u00f4t des soci\u00e9t\u00e9s","link":"https:\/\/langlegal.be\/index.php\/category\/isoc\/"},"img":{"alt_text":"","src":"https:\/\/i0.wp.com\/langlegal.be\/wp-content\/uploads\/2018\/03\/Sky.jpeg?fit=1050%2C645&ssl=1&resize=350%2C200","width":350,"height":200,"srcset":"https:\/\/i0.wp.com\/langlegal.be\/wp-content\/uploads\/2018\/03\/Sky.jpeg?fit=1050%2C645&ssl=1&resize=350%2C200 1x, https:\/\/i0.wp.com\/langlegal.be\/wp-content\/uploads\/2018\/03\/Sky.jpeg?fit=1050%2C645&ssl=1&resize=525%2C300 1.5x, https:\/\/i0.wp.com\/langlegal.be\/wp-content\/uploads\/2018\/03\/Sky.jpeg?fit=1050%2C645&ssl=1&resize=700%2C400 2x, https:\/\/i0.wp.com\/langlegal.be\/wp-content\/uploads\/2018\/03\/Sky.jpeg?fit=1050%2C645&ssl=1&resize=1050%2C600 3x"},"classes":[]},{"id":959,"url":"https:\/\/langlegal.be\/index.php\/2018\/08\/01\/tva-le-leasing-avec-option-dachat-est-il-une-prestation-de-service-ou-une-livraison-de-bien\/","url_meta":{"origin":384,"position":2},"title":"TVA : le leasing avec option d\u2019achat est-il une prestation de service ou une livraison de bien ? *","author":"Lang Legal","date":"1 ao\u00fbt 2018","format":false,"excerpt":"La Cour de justice a livr\u00e9, dans un arr\u00eat du 4 octobre 2017, d\u2019importantes pr\u00e9cisions quant \u00e0 la qualification en TVA de contrats de leasing, lorsqu\u2019ils comportent une option d\u2019achat, comme \u00ab prestation de service \u00bb ou \u00ab livraison de bien \u00bb[1]. \u00a0\u00a0Question cruciale puisque la TVA est due, dans\u2026","rel":"","context":"Dans &quot;TVA&quot;","block_context":{"text":"TVA","link":"https:\/\/langlegal.be\/index.php\/category\/tva\/"},"img":{"alt_text":"","src":"https:\/\/i0.wp.com\/langlegal.be\/wp-content\/uploads\/2018\/07\/Eric-G%C3%A9rald-Lang-avocat-lawyer-droit-fiscal-tax-law-gratuit-free-tva-e1532865767129.jpg?fit=700%2C341&ssl=1&resize=350%2C200","width":350,"height":200,"srcset":"https:\/\/i0.wp.com\/langlegal.be\/wp-content\/uploads\/2018\/07\/Eric-G%C3%A9rald-Lang-avocat-lawyer-droit-fiscal-tax-law-gratuit-free-tva-e1532865767129.jpg?fit=700%2C341&ssl=1&resize=350%2C200 1x, https:\/\/i0.wp.com\/langlegal.be\/wp-content\/uploads\/2018\/07\/Eric-G%C3%A9rald-Lang-avocat-lawyer-droit-fiscal-tax-law-gratuit-free-tva-e1532865767129.jpg?fit=700%2C341&ssl=1&resize=525%2C300 1.5x, https:\/\/i0.wp.com\/langlegal.be\/wp-content\/uploads\/2018\/07\/Eric-G%C3%A9rald-Lang-avocat-lawyer-droit-fiscal-tax-law-gratuit-free-tva-e1532865767129.jpg?fit=700%2C341&ssl=1&resize=700%2C400 2x"},"classes":[]},{"id":392,"url":"https:\/\/langlegal.be\/index.php\/2017\/07\/14\/vente-distincte-constructions-sol\/","url_meta":{"origin":384,"position":3},"title":"Vente distincte des constructions et du sol","author":"Lang Legal","date":"14 juillet 2017","format":false,"excerpt":"2016\/10 \u2013 E.-G. Lang, Vente des constructions et du sol attenant par des personnes distinctes: une premi\u00e8re d\u00e9cision du SDA, Point de plume, Octobre 2016","rel":"","context":"Dans &quot;TVA&quot;","block_context":{"text":"TVA","link":"https:\/\/langlegal.be\/index.php\/category\/tva\/"},"img":{"alt_text":"Eric-G\u00e9rald Lang - avocat - lawyer - droit fiscal - tax law - VAT - TVA - gratuit - free","src":"https:\/\/i0.wp.com\/langlegal.be\/wp-content\/uploads\/2017\/07\/Eric-G%C3%A9rald-Lang-avocat-lawyer-droit-fiscal-tax-law-VAT-TVA-gratuit-free.jpeg?fit=640%2C400&ssl=1&resize=350%2C200","width":350,"height":200,"srcset":"https:\/\/i0.wp.com\/langlegal.be\/wp-content\/uploads\/2017\/07\/Eric-G%C3%A9rald-Lang-avocat-lawyer-droit-fiscal-tax-law-VAT-TVA-gratuit-free.jpeg?fit=640%2C400&ssl=1&resize=350%2C200 1x, https:\/\/i0.wp.com\/langlegal.be\/wp-content\/uploads\/2017\/07\/Eric-G%C3%A9rald-Lang-avocat-lawyer-droit-fiscal-tax-law-VAT-TVA-gratuit-free.jpeg?fit=640%2C400&ssl=1&resize=525%2C300 1.5x"},"classes":[]},{"id":395,"url":"https:\/\/langlegal.be\/index.php\/2017\/07\/14\/reduction-de-capital-post-plus-value-interne\/","url_meta":{"origin":384,"position":4},"title":"La r\u00e9duction de capital post plus-value interne","author":"Lang Legal","date":"14 juillet 2017","format":false,"excerpt":"2016\/02 \u2013 La r\u00e9duction de capital post plus-value interne, Revue Belge de la Comptabilit\u00e9, 2016\/2","rel":"","context":"Dans &quot;Imp\u00f4t des soci\u00e9t\u00e9s&quot;","block_context":{"text":"Imp\u00f4t des soci\u00e9t\u00e9s","link":"https:\/\/langlegal.be\/index.php\/category\/isoc\/"},"img":{"alt_text":"Eric-G\u00e9rald Lang - avocat fiscaliste - tax lawyer - Bruxelles - Belgium","src":"https:\/\/i0.wp.com\/langlegal.be\/wp-content\/uploads\/2017\/07\/Eric-G%C3%A9rald-Lang-avocat-fiscaliste-tax-lawyer-Bruxelles-Belgium.jpeg?fit=640%2C428&ssl=1&resize=350%2C200","width":350,"height":200,"srcset":"https:\/\/i0.wp.com\/langlegal.be\/wp-content\/uploads\/2017\/07\/Eric-G%C3%A9rald-Lang-avocat-fiscaliste-tax-lawyer-Bruxelles-Belgium.jpeg?fit=640%2C428&ssl=1&resize=350%2C200 1x, https:\/\/i0.wp.com\/langlegal.be\/wp-content\/uploads\/2017\/07\/Eric-G%C3%A9rald-Lang-avocat-fiscaliste-tax-lawyer-Bruxelles-Belgium.jpeg?fit=640%2C428&ssl=1&resize=525%2C300 1.5x"},"classes":[]},{"id":698,"url":"https:\/\/langlegal.be\/index.php\/2017\/10\/02\/florilege-de-questions-autour-de-loption-lapplication-de-tva-locations-immobilieres-professionnelles\/","url_meta":{"origin":384,"position":5},"title":"Floril\u00e8ge de questions autour de l\u2019option pour l\u2019application de la TVA sur les locations immobili\u00e8res professionnelles","author":"Lang Legal","date":"2 octobre 2017","format":false,"excerpt":"La Belgique \u00e9tait \u00e0 la tra\u00eene face aux autres \u00e9tats membres, en ne permettant pas d\u2019opter pour l\u2019application de la TVA aux baux consentis \u00e0 des preneurs pouvant la d\u00e9duire. Ce devrait appartenir au pass\u00e9 \u00e0 compter du 1er janvier 2018. Outre la r\u00e9forme de l\u2019imp\u00f4t des soci\u00e9t\u00e9s, l\u2019accord budg\u00e9taire\u2026","rel":"","context":"Dans &quot;TVA&quot;","block_context":{"text":"TVA","link":"https:\/\/langlegal.be\/index.php\/category\/tva\/"},"img":{"alt_text":"","src":"https:\/\/i0.wp.com\/langlegal.be\/wp-content\/uploads\/2017\/10\/TVA-baux-immeuble-professionnel-option.jpeg?fit=744%2C400&ssl=1&resize=350%2C200","width":350,"height":200,"srcset":"https:\/\/i0.wp.com\/langlegal.be\/wp-content\/uploads\/2017\/10\/TVA-baux-immeuble-professionnel-option.jpeg?fit=744%2C400&ssl=1&resize=350%2C200 1x, https:\/\/i0.wp.com\/langlegal.be\/wp-content\/uploads\/2017\/10\/TVA-baux-immeuble-professionnel-option.jpeg?fit=744%2C400&ssl=1&resize=525%2C300 1.5x, https:\/\/i0.wp.com\/langlegal.be\/wp-content\/uploads\/2017\/10\/TVA-baux-immeuble-professionnel-option.jpeg?fit=744%2C400&ssl=1&resize=700%2C400 2x"},"classes":[]}],"_links":{"self":[{"href":"https:\/\/langlegal.be\/index.php\/wp-json\/wp\/v2\/posts\/384","targetHints":{"allow":["GET"]}}],"collection":[{"href":"https:\/\/langlegal.be\/index.php\/wp-json\/wp\/v2\/posts"}],"about":[{"href":"https:\/\/langlegal.be\/index.php\/wp-json\/wp\/v2\/types\/post"}],"author":[{"embeddable":true,"href":"https:\/\/langlegal.be\/index.php\/wp-json\/wp\/v2\/users\/1"}],"replies":[{"embeddable":true,"href":"https:\/\/langlegal.be\/index.php\/wp-json\/wp\/v2\/comments?post=384"}],"version-history":[{"count":4,"href":"https:\/\/langlegal.be\/index.php\/wp-json\/wp\/v2\/posts\/384\/revisions"}],"predecessor-version":[{"id":571,"href":"https:\/\/langlegal.be\/index.php\/wp-json\/wp\/v2\/posts\/384\/revisions\/571"}],"wp:featuredmedia":[{"embeddable":true,"href":"https:\/\/langlegal.be\/index.php\/wp-json\/wp\/v2\/media\/442"}],"wp:attachment":[{"href":"https:\/\/langlegal.be\/index.php\/wp-json\/wp\/v2\/media?parent=384"}],"wp:term":[{"taxonomy":"category","embeddable":true,"href":"https:\/\/langlegal.be\/index.php\/wp-json\/wp\/v2\/categories?post=384"},{"taxonomy":"post_tag","embeddable":true,"href":"https:\/\/langlegal.be\/index.php\/wp-json\/wp\/v2\/tags?post=384"}],"curies":[{"name":"wp","href":"https:\/\/api.w.org\/{rel}","templated":true}]}}